{"id":55736,"date":"2023-04-17T19:34:21","date_gmt":"2023-04-17T19:34:21","guid":{"rendered":"https:\/\/www.mixlife.pt\/valorisez-vous-viseu-dao-lafoes\/"},"modified":"2026-03-26T09:21:22","modified_gmt":"2026-03-26T09:21:22","slug":"valoriza-te-viseu-dao-lafoes","status":"publish","type":"post","link":"https:\/\/www.mixlife.pt\/fr\/valoriza-te-viseu-dao-lafoes\/","title":{"rendered":"Valoriza-te Viseu D\u00e3o Laf\u00f5es"},"content":{"rendered":"<p>Le projet <b>Valoriza-te Viseu D\u00e3o Laf\u00f5es<\/b> est un programme intercommunal de promotion de la r\u00e9ussite \u00e9ducative. Il a pour vision un territoire \u00e9ducatif, inclusif et \u00e9quitable, misant sur l\u2019innovation, la coop\u00e9ration et la strat\u00e9gie ITI 2030, afin d\u2019accro\u00eetre la r\u00e9ussite scolaire et la formation int\u00e9grale des enfants et des jeunes.<\/p>\n","protected":false},"excerpt":{"rendered":"<p>Le projet Valoriza-te Viseu D\u00e3o Laf\u00f5es est un programme intercommunal de promotion de la r\u00e9ussite \u00e9ducative. Il a pour vision un territoire \u00e9ducatif, inclusif et \u00e9quitable, misant sur l\u2019innovation, la coop\u00e9ration et la strat\u00e9gie ITI 2030, afin d\u2019accro\u00eetre la r\u00e9ussite scolaire et la formation int\u00e9grale des enfants et des jeunes.<\/p>\n","protected":false},"author":1,"featured_media":0,"comment_status":"closed","ping_status":"closed","sticky":false,"template":"","format":"standard","meta":{"_acf_changed":false,"footnotes":""},"categories":[202],"tags":[203],"class_list":["post-55736","post","type-post","status-publish","format-standard","hentry","category-portfolio","tag-site-web"],"acf":[],"aioseo_notices":[],"aioseo_head":"\n\t\t<!-- All in One SEO Pro 4.9.6.2 - aioseo.com -->\n\t<meta name=\"description\" content=\"Le projet Valoriza-te Viseu D\u00e3o Laf\u00f5es est un programme intercommunal de promotion de la r\u00e9ussite \u00e9ducative. Il a pour vision un territoire \u00e9ducatif, inclusif et \u00e9quitable, misant sur l\u2019innovation, la coop\u00e9ration et la strat\u00e9gie ITI 2030, afin d\u2019accro\u00eetre la r\u00e9ussite scolaire et la formation int\u00e9grale des enfants et des jeunes.\" \/>\n\t<meta name=\"robots\" content=\"max-image-preview:large\" \/>\n\t<meta name=\"author\" content=\"wsuporte\"\/>\n\t<meta name=\"google-site-verification\" content=\"-wupNJrynawM_v0YJljgo2PnZM6sVl3saSVEgdl4AdQ\" \/>\n\t<link rel=\"canonical\" href=\"https:\/\/www.mixlife.pt\/fr\/valoriza-te-viseu-dao-lafoes\/\" \/>\n\t<meta name=\"generator\" content=\"All in One SEO Pro (AIOSEO) 4.9.6.2\" \/>\n\t\t<meta property=\"og:locale\" content=\"fr_FR\" \/>\n\t\t<meta property=\"og:site_name\" content=\"Mixlife Digital Agency - Cria\u00e7\u00e3o de Lojas Online, Marketing Digital, Cria\u00e7\u00e3o de sites, SEO, Inbound Marketing, Wordpress Experts, Suporte Wordpress e Woocommerce, Branding, Alojamento web\" \/>\n\t\t<meta property=\"og:type\" content=\"article\" \/>\n\t\t<meta property=\"og:title\" content=\"Valoriza-te Viseu D\u00e3o Laf\u00f5es - Mixlife Digital Agency\" \/>\n\t\t<meta property=\"og:description\" content=\"Le projet Valoriza-te Viseu D\u00e3o Laf\u00f5es est un programme intercommunal de promotion de la r\u00e9ussite \u00e9ducative. Il a pour vision un territoire \u00e9ducatif, inclusif et \u00e9quitable, misant sur l\u2019innovation, la coop\u00e9ration et la strat\u00e9gie ITI 2030, afin d\u2019accro\u00eetre la r\u00e9ussite scolaire et la formation int\u00e9grale des enfants et des jeunes.\" \/>\n\t\t<meta property=\"og:url\" content=\"https:\/\/www.mixlife.pt\/fr\/valoriza-te-viseu-dao-lafoes\/\" \/>\n\t\t<meta property=\"og:image\" content=\"https:\/\/www.mixlife.pt\/wp-content\/uploads\/2025\/04\/logo-branco.png\" \/>\n\t\t<meta property=\"og:image:secure_url\" content=\"https:\/\/www.mixlife.pt\/wp-content\/uploads\/2025\/04\/logo-branco.png\" \/>\n\t\t<meta property=\"article:published_time\" content=\"2023-04-17T19:34:21+00:00\" \/>\n\t\t<meta property=\"article:modified_time\" content=\"2026-03-26T09:21:22+00:00\" \/>\n\t\t<meta property=\"article:publisher\" content=\"https:\/\/www.facebook.com\/mixlife.pt\" \/>\n\t\t<meta name=\"twitter:card\" content=\"summary_large_image\" \/>\n\t\t<meta name=\"twitter:site\" content=\"@mixlife\" \/>\n\t\t<meta name=\"twitter:title\" content=\"Valoriza-te Viseu D\u00e3o Laf\u00f5es - Mixlife Digital Agency\" \/>\n\t\t<meta name=\"twitter:description\" content=\"Le projet Valoriza-te Viseu D\u00e3o Laf\u00f5es est un programme intercommunal de promotion de la r\u00e9ussite \u00e9ducative. Il a pour vision un territoire \u00e9ducatif, inclusif et \u00e9quitable, misant sur l\u2019innovation, la coop\u00e9ration et la strat\u00e9gie ITI 2030, afin d\u2019accro\u00eetre la r\u00e9ussite scolaire et la formation int\u00e9grale des enfants et des jeunes.\" \/>\n\t\t<meta name=\"twitter:creator\" content=\"@mixlife\" \/>\n\t\t<meta name=\"twitter:image\" content=\"https:\/\/www.mixlife.pt\/wp-content\/uploads\/2025\/04\/logo-branco.png\" \/>\n\t\t<script type=\"application\/ld+json\" class=\"aioseo-schema\">\n\t\t\t{\"@context\":\"https:\\\/\\\/schema.org\",\"@graph\":[{\"@type\":\"BlogPosting\",\"@id\":\"https:\\\/\\\/www.mixlife.pt\\\/fr\\\/valoriza-te-viseu-dao-lafoes\\\/#blogposting\",\"name\":\"Valoriza-te Viseu D\\u00e3o Laf\\u00f5es - Mixlife Digital Agency\",\"headline\":\"Valoriza-te Viseu D\\u00e3o Laf\\u00f5es\",\"author\":{\"@id\":\"https:\\\/\\\/www.mixlife.pt\\\/fr\\\/author\\\/wsuporte\\\/#author\"},\"publisher\":{\"@id\":\"https:\\\/\\\/www.mixlife.pt\\\/fr\\\/#organization\"},\"image\":{\"@type\":\"ImageObject\",\"url\":\"https:\\\/\\\/www.mixlife.pt\\\/wp-content\\\/uploads\\\/2020\\\/03\\\/logo-mix-preto-new.png\",\"@id\":\"https:\\\/\\\/www.mixlife.pt\\\/fr\\\/#articleImage\",\"width\":899,\"height\":136},\"datePublished\":\"2023-04-17T19:34:21+00:00\",\"dateModified\":\"2026-03-26T09:21:22+00:00\",\"inLanguage\":\"fr-FR\",\"mainEntityOfPage\":{\"@id\":\"https:\\\/\\\/www.mixlife.pt\\\/fr\\\/valoriza-te-viseu-dao-lafoes\\\/#webpage\"},\"isPartOf\":{\"@id\":\"https:\\\/\\\/www.mixlife.pt\\\/fr\\\/valoriza-te-viseu-dao-lafoes\\\/#webpage\"},\"articleSection\":\"Portfolio, Site web, Facultatif\"},{\"@type\":\"BreadcrumbList\",\"@id\":\"https:\\\/\\\/www.mixlife.pt\\\/fr\\\/valoriza-te-viseu-dao-lafoes\\\/#breadcrumblist\",\"itemListElement\":[{\"@type\":\"ListItem\",\"@id\":\"https:\\\/\\\/www.mixlife.pt\\\/fr\\\/#listItem\",\"position\":1,\"name\":\"Home\",\"item\":\"https:\\\/\\\/www.mixlife.pt\\\/fr\\\/\",\"nextItem\":{\"@type\":\"ListItem\",\"@id\":\"https:\\\/\\\/www.mixlife.pt\\\/fr\\\/category\\\/portfolio\\\/#listItem\",\"name\":\"Portfolio\"}},{\"@type\":\"ListItem\",\"@id\":\"https:\\\/\\\/www.mixlife.pt\\\/fr\\\/category\\\/portfolio\\\/#listItem\",\"position\":2,\"name\":\"Portfolio\",\"item\":\"https:\\\/\\\/www.mixlife.pt\\\/fr\\\/category\\\/portfolio\\\/\",\"nextItem\":{\"@type\":\"ListItem\",\"@id\":\"https:\\\/\\\/www.mixlife.pt\\\/fr\\\/valoriza-te-viseu-dao-lafoes\\\/#listItem\",\"name\":\"Valoriza-te Viseu D\\u00e3o Laf\\u00f5es\"},\"previousItem\":{\"@type\":\"ListItem\",\"@id\":\"https:\\\/\\\/www.mixlife.pt\\\/fr\\\/#listItem\",\"name\":\"Home\"}},{\"@type\":\"ListItem\",\"@id\":\"https:\\\/\\\/www.mixlife.pt\\\/fr\\\/valoriza-te-viseu-dao-lafoes\\\/#listItem\",\"position\":3,\"name\":\"Valoriza-te Viseu D\\u00e3o Laf\\u00f5es\",\"previousItem\":{\"@type\":\"ListItem\",\"@id\":\"https:\\\/\\\/www.mixlife.pt\\\/fr\\\/category\\\/portfolio\\\/#listItem\",\"name\":\"Portfolio\"}}]},{\"@type\":\"Organization\",\"@id\":\"https:\\\/\\\/www.mixlife.pt\\\/fr\\\/#organization\",\"name\":\"Mixlife Digital Agency\",\"description\":\"Cria\\u00e7\\u00e3o de Lojas Online, Marketing Digital, Cria\\u00e7\\u00e3o de sites, SEO, Inbound Marketing, Wordpress Experts, Suporte Wordpress e Woocommerce, Branding, Alojamento web\",\"url\":\"https:\\\/\\\/www.mixlife.pt\\\/fr\\\/\",\"telephone\":\"+351232283933\",\"logo\":{\"@type\":\"ImageObject\",\"url\":\"https:\\\/\\\/www.mixlife.pt\\\/wp-content\\\/uploads\\\/2020\\\/03\\\/logo-mix-preto-new.png\",\"@id\":\"https:\\\/\\\/www.mixlife.pt\\\/fr\\\/valoriza-te-viseu-dao-lafoes\\\/#organizationLogo\",\"width\":899,\"height\":136},\"image\":{\"@id\":\"https:\\\/\\\/www.mixlife.pt\\\/fr\\\/valoriza-te-viseu-dao-lafoes\\\/#organizationLogo\"},\"sameAs\":[\"https:\\\/\\\/www.facebook.com\\\/mixlife.pt\",\"https:\\\/\\\/twitter.com\\\/mixlife\",\"https:\\\/\\\/www.instagram.com\\\/mixlife.pt\",\"https:\\\/\\\/pt.linkedin.com\\\/company\\\/mixlife-lda\"]},{\"@type\":\"Person\",\"@id\":\"https:\\\/\\\/www.mixlife.pt\\\/fr\\\/author\\\/wsuporte\\\/#author\",\"url\":\"https:\\\/\\\/www.mixlife.pt\\\/fr\\\/author\\\/wsuporte\\\/\",\"name\":\"wsuporte\"},{\"@type\":\"WebPage\",\"@id\":\"https:\\\/\\\/www.mixlife.pt\\\/fr\\\/valoriza-te-viseu-dao-lafoes\\\/#webpage\",\"url\":\"https:\\\/\\\/www.mixlife.pt\\\/fr\\\/valoriza-te-viseu-dao-lafoes\\\/\",\"name\":\"Valoriza-te Viseu D\\u00e3o Laf\\u00f5es - Mixlife Digital Agency\",\"description\":\"Le projet Valoriza-te Viseu D\\u00e3o Laf\\u00f5es est un programme intercommunal de promotion de la r\\u00e9ussite \\u00e9ducative. Il a pour vision un territoire \\u00e9ducatif, inclusif et \\u00e9quitable, misant sur l\\u2019innovation, la coop\\u00e9ration et la strat\\u00e9gie ITI 2030, afin d\\u2019accro\\u00eetre la r\\u00e9ussite scolaire et la formation int\\u00e9grale des enfants et des jeunes.\",\"inLanguage\":\"fr-FR\",\"isPartOf\":{\"@id\":\"https:\\\/\\\/www.mixlife.pt\\\/fr\\\/#website\"},\"breadcrumb\":{\"@id\":\"https:\\\/\\\/www.mixlife.pt\\\/fr\\\/valoriza-te-viseu-dao-lafoes\\\/#breadcrumblist\"},\"author\":{\"@id\":\"https:\\\/\\\/www.mixlife.pt\\\/fr\\\/author\\\/wsuporte\\\/#author\"},\"creator\":{\"@id\":\"https:\\\/\\\/www.mixlife.pt\\\/fr\\\/author\\\/wsuporte\\\/#author\"},\"datePublished\":\"2023-04-17T19:34:21+00:00\",\"dateModified\":\"2026-03-26T09:21:22+00:00\"},{\"@type\":\"WebSite\",\"@id\":\"https:\\\/\\\/www.mixlife.pt\\\/fr\\\/#website\",\"url\":\"https:\\\/\\\/www.mixlife.pt\\\/fr\\\/\",\"name\":\"Mixlife Digital Agency\",\"description\":\"Cria\\u00e7\\u00e3o de Lojas Online, Marketing Digital, Cria\\u00e7\\u00e3o de sites, SEO, Inbound Marketing, Wordpress Experts, Suporte Wordpress e Woocommerce, Branding, Alojamento web\",\"inLanguage\":\"fr-FR\",\"publisher\":{\"@id\":\"https:\\\/\\\/www.mixlife.pt\\\/fr\\\/#organization\"}}]}\n\t\t<\/script>\n\t\t<!-- All in One SEO Pro -->\r\n\t\t<title>Valoriza-te Viseu D\u00e3o Laf\u00f5es - Mixlife Digital Agency<\/title>\n\n","aioseo_head_json":{"title":"Valoriza-te Viseu D\u00e3o Laf\u00f5es - Mixlife Digital Agency","description":"Le projet Valoriza-te Viseu D\u00e3o Laf\u00f5es est un programme intercommunal de promotion de la r\u00e9ussite \u00e9ducative. Il a pour vision un territoire \u00e9ducatif, inclusif et \u00e9quitable, misant sur l\u2019innovation, la coop\u00e9ration et la strat\u00e9gie ITI 2030, afin d\u2019accro\u00eetre la r\u00e9ussite scolaire et la formation int\u00e9grale des enfants et des jeunes.","canonical_url":"https:\/\/www.mixlife.pt\/fr\/valoriza-te-viseu-dao-lafoes\/","robots":"max-image-preview:large","keywords":"","webmasterTools":{"google-site-verification":"-wupNJrynawM_v0YJljgo2PnZM6sVl3saSVEgdl4AdQ","miscellaneous":""},"schema":{"@context":"https:\/\/schema.org","@graph":[{"@type":"BlogPosting","@id":"https:\/\/www.mixlife.pt\/fr\/valoriza-te-viseu-dao-lafoes\/#blogposting","name":"Valoriza-te Viseu D\u00e3o Laf\u00f5es - Mixlife Digital Agency","headline":"Valoriza-te Viseu D\u00e3o Laf\u00f5es","author":{"@id":"https:\/\/www.mixlife.pt\/fr\/author\/wsuporte\/#author"},"publisher":{"@id":"https:\/\/www.mixlife.pt\/fr\/#organization"},"image":{"@type":"ImageObject","url":"https:\/\/www.mixlife.pt\/wp-content\/uploads\/2020\/03\/logo-mix-preto-new.png","@id":"https:\/\/www.mixlife.pt\/fr\/#articleImage","width":899,"height":136},"datePublished":"2023-04-17T19:34:21+00:00","dateModified":"2026-03-26T09:21:22+00:00","inLanguage":"fr-FR","mainEntityOfPage":{"@id":"https:\/\/www.mixlife.pt\/fr\/valoriza-te-viseu-dao-lafoes\/#webpage"},"isPartOf":{"@id":"https:\/\/www.mixlife.pt\/fr\/valoriza-te-viseu-dao-lafoes\/#webpage"},"articleSection":"Portfolio, Site web, Facultatif"},{"@type":"BreadcrumbList","@id":"https:\/\/www.mixlife.pt\/fr\/valoriza-te-viseu-dao-lafoes\/#breadcrumblist","itemListElement":[{"@type":"ListItem","@id":"https:\/\/www.mixlife.pt\/fr\/#listItem","position":1,"name":"Home","item":"https:\/\/www.mixlife.pt\/fr\/","nextItem":{"@type":"ListItem","@id":"https:\/\/www.mixlife.pt\/fr\/category\/portfolio\/#listItem","name":"Portfolio"}},{"@type":"ListItem","@id":"https:\/\/www.mixlife.pt\/fr\/category\/portfolio\/#listItem","position":2,"name":"Portfolio","item":"https:\/\/www.mixlife.pt\/fr\/category\/portfolio\/","nextItem":{"@type":"ListItem","@id":"https:\/\/www.mixlife.pt\/fr\/valoriza-te-viseu-dao-lafoes\/#listItem","name":"Valoriza-te Viseu D\u00e3o Laf\u00f5es"},"previousItem":{"@type":"ListItem","@id":"https:\/\/www.mixlife.pt\/fr\/#listItem","name":"Home"}},{"@type":"ListItem","@id":"https:\/\/www.mixlife.pt\/fr\/valoriza-te-viseu-dao-lafoes\/#listItem","position":3,"name":"Valoriza-te Viseu D\u00e3o Laf\u00f5es","previousItem":{"@type":"ListItem","@id":"https:\/\/www.mixlife.pt\/fr\/category\/portfolio\/#listItem","name":"Portfolio"}}]},{"@type":"Organization","@id":"https:\/\/www.mixlife.pt\/fr\/#organization","name":"Mixlife Digital Agency","description":"Cria\u00e7\u00e3o de Lojas Online, Marketing Digital, Cria\u00e7\u00e3o de sites, SEO, Inbound Marketing, Wordpress Experts, Suporte Wordpress e Woocommerce, Branding, Alojamento web","url":"https:\/\/www.mixlife.pt\/fr\/","telephone":"+351232283933","logo":{"@type":"ImageObject","url":"https:\/\/www.mixlife.pt\/wp-content\/uploads\/2020\/03\/logo-mix-preto-new.png","@id":"https:\/\/www.mixlife.pt\/fr\/valoriza-te-viseu-dao-lafoes\/#organizationLogo","width":899,"height":136},"image":{"@id":"https:\/\/www.mixlife.pt\/fr\/valoriza-te-viseu-dao-lafoes\/#organizationLogo"},"sameAs":["https:\/\/www.facebook.com\/mixlife.pt","https:\/\/twitter.com\/mixlife","https:\/\/www.instagram.com\/mixlife.pt","https:\/\/pt.linkedin.com\/company\/mixlife-lda"]},{"@type":"Person","@id":"https:\/\/www.mixlife.pt\/fr\/author\/wsuporte\/#author","url":"https:\/\/www.mixlife.pt\/fr\/author\/wsuporte\/","name":"wsuporte"},{"@type":"WebPage","@id":"https:\/\/www.mixlife.pt\/fr\/valoriza-te-viseu-dao-lafoes\/#webpage","url":"https:\/\/www.mixlife.pt\/fr\/valoriza-te-viseu-dao-lafoes\/","name":"Valoriza-te Viseu D\u00e3o Laf\u00f5es - Mixlife Digital Agency","description":"Le projet Valoriza-te Viseu D\u00e3o Laf\u00f5es est un programme intercommunal de promotion de la r\u00e9ussite \u00e9ducative. Il a pour vision un territoire \u00e9ducatif, inclusif et \u00e9quitable, misant sur l\u2019innovation, la coop\u00e9ration et la strat\u00e9gie ITI 2030, afin d\u2019accro\u00eetre la r\u00e9ussite scolaire et la formation int\u00e9grale des enfants et des jeunes.","inLanguage":"fr-FR","isPartOf":{"@id":"https:\/\/www.mixlife.pt\/fr\/#website"},"breadcrumb":{"@id":"https:\/\/www.mixlife.pt\/fr\/valoriza-te-viseu-dao-lafoes\/#breadcrumblist"},"author":{"@id":"https:\/\/www.mixlife.pt\/fr\/author\/wsuporte\/#author"},"creator":{"@id":"https:\/\/www.mixlife.pt\/fr\/author\/wsuporte\/#author"},"datePublished":"2023-04-17T19:34:21+00:00","dateModified":"2026-03-26T09:21:22+00:00"},{"@type":"WebSite","@id":"https:\/\/www.mixlife.pt\/fr\/#website","url":"https:\/\/www.mixlife.pt\/fr\/","name":"Mixlife Digital Agency","description":"Cria\u00e7\u00e3o de Lojas Online, Marketing Digital, Cria\u00e7\u00e3o de sites, SEO, Inbound Marketing, Wordpress Experts, Suporte Wordpress e Woocommerce, Branding, Alojamento web","inLanguage":"fr-FR","publisher":{"@id":"https:\/\/www.mixlife.pt\/fr\/#organization"}}]},"og:locale":"fr_FR","og:site_name":"Mixlife Digital Agency - Cria\u00e7\u00e3o de Lojas Online, Marketing Digital, Cria\u00e7\u00e3o de sites, SEO, Inbound Marketing, Wordpress Experts, Suporte Wordpress e Woocommerce, Branding, Alojamento web","og:type":"article","og:title":"Valoriza-te Viseu D\u00e3o Laf\u00f5es - Mixlife Digital Agency","og:description":"Le projet Valoriza-te Viseu D\u00e3o Laf\u00f5es est un programme intercommunal de promotion de la r\u00e9ussite \u00e9ducative. Il a pour vision un territoire \u00e9ducatif, inclusif et \u00e9quitable, misant sur l\u2019innovation, la coop\u00e9ration et la strat\u00e9gie ITI 2030, afin d\u2019accro\u00eetre la r\u00e9ussite scolaire et la formation int\u00e9grale des enfants et des jeunes.","og:url":"https:\/\/www.mixlife.pt\/fr\/valoriza-te-viseu-dao-lafoes\/","og:image":"https:\/\/www.mixlife.pt\/wp-content\/uploads\/2025\/04\/logo-branco.png","og:image:secure_url":"https:\/\/www.mixlife.pt\/wp-content\/uploads\/2025\/04\/logo-branco.png","article:published_time":"2023-04-17T19:34:21+00:00","article:modified_time":"2026-03-26T09:21:22+00:00","article:publisher":"https:\/\/www.facebook.com\/mixlife.pt","twitter:card":"summary_large_image","twitter:site":"@mixlife","twitter:title":"Valoriza-te Viseu D\u00e3o Laf\u00f5es - Mixlife Digital Agency","twitter:description":"Le projet Valoriza-te Viseu D\u00e3o Laf\u00f5es est un programme intercommunal de promotion de la r\u00e9ussite \u00e9ducative. Il a pour vision un territoire \u00e9ducatif, inclusif et \u00e9quitable, misant sur l\u2019innovation, la coop\u00e9ration et la strat\u00e9gie ITI 2030, afin d\u2019accro\u00eetre la r\u00e9ussite scolaire et la formation int\u00e9grale des enfants et des jeunes.","twitter:creator":"@mixlife","twitter:image":"https:\/\/www.mixlife.pt\/wp-content\/uploads\/2025\/04\/logo-branco.png"},"aioseo_meta_data":{"post_id":"55736","title":"#post_title #separator_sa #site_title","description":"#post_excerpt","keywords":null,"keyphrases":{"focus":{"keyphrase":"","score":0,"analysis":{"keyphraseInTitle":{"score":0,"maxScore":9,"error":1}}},"additional":[]},"primary_term":null,"canonical_url":null,"og_title":null,"og_description":null,"og_object_type":"default","og_image_type":"default","og_image_url":null,"og_image_width":null,"og_image_height":null,"og_image_custom_url":null,"og_image_custom_fields":null,"og_video":"","og_custom_url":null,"og_article_section":null,"og_article_tags":null,"twitter_use_og":false,"twitter_card":"default","twitter_image_type":"default","twitter_image_url":null,"twitter_image_custom_url":null,"twitter_image_custom_fields":null,"twitter_title":null,"twitter_description":null,"schema":{"blockGraphs":[],"customGraphs":[],"default":{"data":{"Article":[],"Course":[],"Dataset":[],"FAQPage":[],"Movie":[],"Person":[],"Product":[],"ProductReview":[],"Car":[],"Recipe":[],"Service":[],"SoftwareApplication":[],"WebPage":[]},"graphName":"BlogPosting","isEnabled":true},"graphs":[]},"schema_type":"default","schema_type_options":null,"pillar_content":false,"robots_default":true,"robots_noindex":false,"robots_noarchive":false,"robots_nosnippet":false,"robots_nofollow":false,"robots_noimageindex":false,"robots_noodp":false,"robots_notranslate":false,"robots_max_snippet":"-1","robots_max_videopreview":"-1","robots_max_imagepreview":"large","priority":null,"frequency":"default","local_seo":null,"seo_analyzer_scan_date":"2025-10-15 15:38:32","breadcrumb_settings":null,"limit_modified_date":false,"reviewed_by":null,"open_ai":null,"ai":{"faqs":[],"keyPoints":[],"titles":[],"descriptions":[],"socialPosts":{"email":[],"linkedin":[],"twitter":[],"facebook":[],"instagram":[]}},"created":"2026-03-24 17:10:23","updated":"2026-03-26 10:07:28"},"aioseo_breadcrumb":"<div class=\"aioseo-breadcrumbs\"><span class=\"aioseo-breadcrumb\">\n\t<a href=\"https:\/\/www.mixlife.pt\/fr\/\" title=\"Home\">Home<\/a>\n<\/span><span class=\"aioseo-breadcrumb-separator\">&raquo;<\/span><span class=\"aioseo-breadcrumb\">\n\t<a href=\"https:\/\/www.mixlife.pt\/fr\/category\/portfolio\/\" title=\"Portfolio\">Portfolio<\/a>\n<\/span><span class=\"aioseo-breadcrumb-separator\">&raquo;<\/span><span class=\"aioseo-breadcrumb\">\n\tValoriza-te Viseu D\u00e3o Laf\u00f5es\n<\/span><\/div>","aioseo_breadcrumb_json":[{"label":"Home","link":"https:\/\/www.mixlife.pt\/fr\/"},{"label":"Portfolio","link":"https:\/\/www.mixlife.pt\/fr\/category\/portfolio\/"},{"label":"Valoriza-te Viseu D\u00e3o Laf\u00f5es","link":"https:\/\/www.mixlife.pt\/fr\/valoriza-te-viseu-dao-lafoes\/"}],"_links":{"self":[{"href":"https:\/\/www.mixlife.pt\/fr\/wp-json\/wp\/v2\/posts\/55736","targetHints":{"allow":["GET"]}}],"collection":[{"href":"https:\/\/www.mixlife.pt\/fr\/wp-json\/wp\/v2\/posts"}],"about":[{"href":"https:\/\/www.mixlife.pt\/fr\/wp-json\/wp\/v2\/types\/post"}],"author":[{"embeddable":true,"href":"https:\/\/www.mixlife.pt\/fr\/wp-json\/wp\/v2\/users\/1"}],"replies":[{"embeddable":true,"href":"https:\/\/www.mixlife.pt\/fr\/wp-json\/wp\/v2\/comments?post=55736"}],"version-history":[{"count":3,"href":"https:\/\/www.mixlife.pt\/fr\/wp-json\/wp\/v2\/posts\/55736\/revisions"}],"predecessor-version":[{"id":56168,"href":"https:\/\/www.mixlife.pt\/fr\/wp-json\/wp\/v2\/posts\/55736\/revisions\/56168"}],"wp:attachment":[{"href":"https:\/\/www.mixlife.pt\/fr\/wp-json\/wp\/v2\/media?parent=55736"}],"wp:term":[{"taxonomy":"category","embeddable":true,"href":"https:\/\/www.mixlife.pt\/fr\/wp-json\/wp\/v2\/categories?post=55736"},{"taxonomy":"post_tag","embeddable":true,"href":"https:\/\/www.mixlife.pt\/fr\/wp-json\/wp\/v2\/tags?post=55736"}],"curies":[{"name":"wp","href":"https:\/\/api.w.org\/{rel}","templated":true}]}}